{"id":478,"date":"2022-04-22T08:28:03","date_gmt":"2022-04-22T08:28:03","guid":{"rendered":"https:\/\/dramazin.hu\/?p=478"},"modified":"2024-10-08T13:08:27","modified_gmt":"2024-10-08T13:08:27","slug":"trebitsch","status":"publish","type":"post","link":"https:\/\/dramazin.hu\/?p=478","title":{"rendered":"Trebitsch"},"content":{"rendered":"\n<div style=\"height:40px\" aria-hidden=\"true\" class=\"wp-block-spacer\"><\/div>\n\n\n\n<p>Izgatott lettem, amikor a cseh Trebitsch whiskygy\u00e1rt\u00f3 k\u00f3stol\u00f3 megh\u00edv\u00f3j\u00e1t lepasszolt\u00e1k nekem. A csehek \u00e9s az alkohol nem rem\u00e9nytelen kombin\u00e1ci\u00f3. A megel\u0151z\u0151 napokban kicsit felkotortam a csehekkel kapcsolatos eml\u00e9keimet. Hrabal kiker\u00fclhetetlen. R\u00e1n\u00e9ztem a neten a f\u00e9nyk\u00e9peire, egy csintalan gyerek \u00f6r\u00f6k mosolya, ragyog\u00f3 szemek. A test elfogyhat, de ez a mosoly, a tekintet sok\u00e1ig ott marad. Le\u00fcln\u00e9k mell\u00e9. \u00d6reg szaga lenne. Nem tudom mit mondan\u00e9k vagy k\u00e9rdezn\u00e9k. Tal\u00e1n semmit. Tal\u00e1n csak v\u00e9gigsim\u00edtan\u00e9k az arca red\u0151in. Bizony\u00e1ra \u00f6r\u00fclne neki. Sajnos m\u00e1r meghalt, galambetet\u00e9s k\u00f6zben kiesett az ablakon, a saj\u00e1t reg\u00e9nyeibe ill\u0151en abszurd m\u00f3don. A legeml\u00e9kezetesebb benyom\u00e1s a m\u0171veib\u0151l? A pillanat sz\u00e9ps\u00e9g\u00e9n \u00e1t\u00fasz\u00f3 fiatal, pajkos, sz\u0151ke h\u00f6lgy a biciklivel, aki felmegy a k\u00e9m\u00e9ny tetej\u00e9re a ragyog\u00f3 naps\u00fct\u00e9sben \u00e9s felbolygatja a falut, a rend\u0151r\u00f6ket, a t\u0171zolt\u00f3kat, a p\u00e9ket \u00e9s mindenkit. Szeretik az \u00e9letet, a s\u00f6rt, a szerelmet. A gy\u00f6ng\u00e9d barb\u00e1rok k\u00e9t \u00f6regje jut m\u00e9g eszembe, akik egy\u00fctt ettek az asztaln\u00e1l. Az egyiknek m\u00e1r nem maradt foga, \u00edgy a m\u00e1sik r\u00e1gta meg neki az \u00e9telt. Hrabal mestere volt a kett\u0151ss\u00e9g \u00e1br\u00e1zol\u00e1s\u00e1nak. Az \u00e9let tetej\u00e9t\u0151l az alj\u00e1ig.<\/p>\n\n\n\n<div style=\"height:40px\" aria-hidden=\"true\" class=\"wp-block-spacer\"><\/div>\n\n\n\n<figure class=\"wp-block-image aligncenter is-resized\"><img loading=\"lazy\" decoding=\"async\" src=\"https:\/\/lh5.googleusercontent.com\/upHAJBqq1rrYtCk6G-4rrlkB2caCWqEm1ieAnPzXpYi8S-ew1QamUH75Ip81IL0rXn0K3WDKz2aPTksxqBeNCKbHiCtf-w1I00dIx7ZFkyoApu8MtI4xMk-UEGQ2D-Ged0cAYbr8\" alt=\"\" width=\"421\" height=\"577\"\/><figcaption class=\"wp-element-caption\">Bohumil Hrabal<\/figcaption><\/figure>\n\n\n\n<p>Olvastam valamikor a Piszkos Fred a kapit\u00e1nyt, sajnos kicsit k\u00e9s\u0151n. Huszon\u00e9ves fejjel m\u00e1r ink\u00e1bb f\u00e1rasztottak Rejt\u0151 Jen\u0151 \u00edr\u00e1sai, csak a Csontbrig\u00e1d tetszett igaz\u00e1n. Alig eml\u00e9kszem valamire bel\u0151l\u00fck, a Piszkos Fredb\u0151l sem sok mindenre, de az ind\u00edt\u00f3 jelenetben a k\u00e9s keres\u00e9s\u00e9n\u00e9l az \u201citt van a h\u00e1tamban\u201d megmaradt. A k\u00f6nyv egyik szerepl\u0151je, az igazi Trebitsch, m\u00e1s n\u00e9ven a Buzg\u00f3 M\u00f3csing egy\u00e1ltal\u00e1n nem. \u00cdgy azt sem tudtam, hogy egy val\u00f3di szem\u00e9lyr\u0151l form\u00e1zta meg Rejt\u0151 a kiss\u00e9 megb\u00edzhatatlan, \u00fcgyesked\u0151, t\u00f6bb n\u00e9ven ismert karaktert.&nbsp;<\/p>\n\n\n\n<p>VI. K\u00e1rolynak, a N\u00e9met-r\u00f3mai Birodalom cs\u00e1sz\u00e1r\u00e1nak 1726-ban kiadott t\u00f6rv\u00e9nye, ami korl\u00e1tozza a zsid\u00f3 lakosok l\u00e9tsz\u00e1m\u00e1t Cseh- \u00e9s Morvaorsz\u00e1gban, valamint Szil\u00e9zi\u00e1ban, elind\u00edtotta a zsid\u00f3k elv\u00e1ndorl\u00e1s\u00e1t, t\u00f6bbek k\u00f6z\u00f6tt Magyarorsz\u00e1gra. \u00cdgy vet\u0151dhettek a t\u00e9nyleges szem\u00e9ly, Trebitsch Ign\u00e1c \u0151sei erre a vid\u00e9kre \u00e9s hozt\u00e1k csal\u00e1dnev\u00fckben a m\u00e1ig l\u00e9tez\u0151 cseh v\u00e1roska nev\u00e9t. Trebitsch k\u00e9tes, \u00e9rthetetlen \u00e9s rejt\u00e9lyes alakja volt a korai 20. sz\u00e1zad t\u00f6rt\u00e9nelm\u00e9nek, egy vil\u00e1gutaz\u00f3 sz\u00e9lh\u00e1mos, csal\u00f3, titkos\u00fcgyn\u00f6k \u00e9s buddhista szerzetes, egy igazi ident\u00edt\u00e1skam\u00e9leon, \u00e1tvert emberek sokas\u00e1g\u00e1t maga m\u00f6g\u00f6tt hagyva, olykor eg\u00e9szen jelent\u0151s t\u00f6rt\u00e9nelmi fejezetekbe cs\u00f6ppenve, mint p\u00e9ld\u00e1ul a Kapp-puccs N\u00e9metorsz\u00e1gban. Filmre k\u00edv\u00e1nkoz\u00f3 \u00e9let\u00e9nek hangulat\u00e1b\u00f3l Rejt\u0151 m\u0171v\u00e9be is \u00e1tsziv\u00e1rgott. Izgalmas lenne, de a lep\u00e1rl\u00f3 nem err\u0151l az ingov\u00e1nyos figur\u00e1r\u00f3l kapta a nev\u00e9t, hanem \u201ccsak\u201d az egy\u00e9bk\u00e9nt takaros, r\u00e9gi v\u00e1rosr\u00f3l (melynek els\u0151 eml\u00e9kei 1101-b\u0151l val\u00f3k).<\/p>\n\n\n\n<div style=\"height:40px\" aria-hidden=\"true\" class=\"wp-block-spacer\"><\/div>\n\n\n\n<figure class=\"wp-block-image alignwide size-large\"><img loading=\"lazy\" decoding=\"async\" width=\"1024\" height=\"669\" src=\"https:\/\/dramazin.hu\/wp-content\/uploads\/2022\/04\/20220420_135508-1-1024x669.jpg\" alt=\"\" class=\"wp-image-505\" srcset=\"https:\/\/dramazin.hu\/wp-content\/uploads\/2022\/04\/20220420_135508-1-1024x669.jpg 1024w, https:\/\/dramazin.hu\/wp-content\/uploads\/2022\/04\/20220420_135508-1-300x196.jpg 300w, https:\/\/dramazin.hu\/wp-content\/uploads\/2022\/04\/20220420_135508-1-768x502.jpg 768w, https:\/\/dramazin.hu\/wp-content\/uploads\/2022\/04\/20220420_135508-1-1536x1004.jpg 1536w, https:\/\/dramazin.hu\/wp-content\/uploads\/2022\/04\/20220420_135508-1.jpg 1594w\" sizes=\"auto, (max-width: 1024px) 100vw, 1024px\" \/><\/figure>\n\n\n\n<div style=\"height:40px\" aria-hidden=\"true\" class=\"wp-block-spacer\"><\/div>\n\n\n\n<p>Miel\u0151tt a k\u00f3stol\u00f3ra mentem nem csak Trebitsch Ign\u00e1c \u00e9let\u00e9nek n\u00e9ztem ut\u00e1na \u00e9s kultur\u00e1lis eml\u00e9keimet piszk\u00e1ltam el\u0151 agyam elhagyott, poros rakt\u00e1rj\u00e1b\u00f3l, hanem keresg\u00e9ltem kicsit mag\u00e1r\u00f3l a Trebitsch whiskyr\u0151l is. A weboldalukat megnyitva mutat\u00f3s term\u00e9kek n\u00e9znek vissza, szerethet\u0151 palackforma \u00e9s visszafogott c\u00edmk\u00e9k. A marketingen nagy a hangs\u00faly: must\u00e1rsz\u00edn\u0171 sapka, k\u00f6telez\u0151 glencairn, v\u00e1laszt\u00e9kos \u00e9rlel\u00e9sek, a ceskawhisky.cz haszn\u00e1lata, a chech single malt lev\u00e9det\u00e9se (kisebb t\u00falz\u00e1sk\u00e9nt tal\u00e1n) \u00e9s lehet hord\u00f3ba is befektetni. Az els\u0151 dedik\u00e1ltan whiskyt el\u0151\u00e1ll\u00edt\u00f3 cseh gy\u00e1rt\u00f3 azzal a k\u00e9rd\u00e9sfelvet\u00e9ssel indult 2007 k\u00f6r\u00fcl, a b\u00e1rjuk nyit\u00e1s\u00e1nak \u00f6tlet\u00e9n\u00e9l, hogy mi\u00e9rt is import\u00e1ljunk whiskyt, mi\u00e9rt ne f\u0151zz\u00fcnk mi? Term\u00e9szetesen k\u00f6rny\u00e9kbeli \u00f6sszetev\u0151kb\u0151l. Emellett a Trebitsch sztori egy r\u00e9sze, ha nem is whiskyben, de \u00e1tt\u00e9telesen a vil\u00e1gh\u00edr\u0171 cseh s\u00f6rrel k\u00f6z\u00f6s dns-ben \u00e9s a k\u00f6rny\u00e9k zsid\u00f3 t\u00f6rt\u00e9nelm\u00e9ben gy\u00f6kerezik. A b\u00e1r maga is egy zsid\u00f3 negyedben helyezkedik el, a term\u00e9kek meg is kapt\u00e1k a k\u00f3ser jelz\u00e9st. Ezzel a marketing h\u00e1tt\u00e9rrel indult a gy\u00e1rt\u00e1s 2014-ben \u00e9s jelent meg az els\u0151 whisky 2017-ben. A mese nem rossz, de persze a legt\u00f6bb sz\u00e1z meg sz\u00e1z \u00e9ves sk\u00f3t lep\u00e1rl\u00f3nak, amihez hozz\u00e1szoktunk, t\u00f6bb ideje volt felhizlalni a t\u00f6rt\u00e9net\u00e9t \u00e9s moh\u00e1val vastagon belepett trad\u00edci\u00f3t teremteni.<\/p>\n\n\n\n<p>Engem ugyan nem zaklat fel, de egy \u00e9rdekes dolgot m\u00e9g megeml\u00edtek a keresg\u00e9l\u00e9seimb\u0151l. 2021 elej\u00e9n a lep\u00e1rl\u00f3hoz tartoz\u00f3 t\u00e1rol\u00f3egys\u00e9g egy Sebkovic\u00e9ben l\u00e9v\u0151 r\u00e9sz\u00e9t a hat\u00f3s\u00e1gok bez\u00e1ratt\u00e1k, mert az \u00e9p\u00fcletegy\u00fcttes, ahol a fot\u00f3k alapj\u00e1n hord\u00f3kat \u00e9rleltek, ramaty \u00e1llapotban volt. Pen\u00e9sz \u00e9s p\u00e1r egy\u00e9b, N\u00e9bih vide\u00f3kra eml\u00e9keztet\u0151 r\u00e9szlet. Aki esetleg \u00e9lelmiszergy\u00e1rt\u00e1s ellen\u0151rz\u00e9si hajlamokat d\u00e9delget mag\u00e1ban, az tal\u00e1lhat k\u00e9peket \u00e9s inform\u00e1ci\u00f3kat egy kis ut\u00e1naj\u00e1r\u00e1ssal. A c\u00e9g nyilatkozata szerint az \u00fcgy f\u00fcstje \u00e9s a p\u00e1nik nagyobbnak bizonyultak a t\u00e9nyleges l\u00e1ngokn\u00e1l, megoldott\u00e1k a dolgot, \u00fagyhogy itt \u00e9n is lez\u00e1rtam ezt a fejezetet magamban. Az alkohol egy\u00e9bk\u00e9nt is fert\u0151tlen\u00edt.<\/p>\n\n\n\n<div style=\"height:40px\" aria-hidden=\"true\" class=\"wp-block-spacer\"><\/div>\n\n\n\n<figure class=\"wp-block-image aligncenter is-resized\"><img loading=\"lazy\" decoding=\"async\" src=\"https:\/\/lh6.googleusercontent.com\/vdwFn7e8hwUwAe5jzz0cTfWj7XCviUsIl_WoBCQvYNVHFT9SBWsPd5nrFGiBwaGRgD-eTzo_6VaNDSwKqCgUnPMdDyvzEF3Or6EUgLC05kv9qodC73-FkR_3O8odP7r2Wjv4fN84\" alt=\"\" width=\"593\" height=\"869\"\/><figcaption class=\"wp-element-caption\">A Trebitsch cseh single malt whisky bemutat\u00f3 standja<\/figcaption><\/figure>\n\n\n\n<p>M\u00e9g nem voltam \u00e9lelmiszer ki\u00e1ll\u00edt\u00e1son, a SIRHA volt az els\u0151. Hamar \u00e9rkeztem, \u00edgy kicsit n\u00e9zel\u0151dtem a hatalmas csarnokban a b\u0151s\u00e9g pultjai k\u00f6z\u00f6tt. Szomor\u00fa kontraszt a szomsz\u00e9dban zajl\u00f3, kegyetlen h\u00e1bor\u00fa \u00e1rny\u00e9k\u00e1ban. Nem sorolom fel mi mindent l\u00e1ttam, tal\u00e1n csak annyit, hogy a leg\u00e9rdekesebbnek a robot pinc\u00e9r masin\u00e1kat tal\u00e1ltam, amik \u00e9telt \u00e9s italt szolg\u00e1ltak fel.&nbsp;<\/p>\n\n\n\n<p>Kicsit m\u00e1sra sz\u00e1m\u00edtottam, amikor a Trebitsch whisky standj\u00e1t megtal\u00e1ltam. Rendes k\u00f3stol\u00f3ra gondoltam, rendes poh\u00e1rb\u00f3l, rendesen neki\u00fclve, v\u00e9gigvezetve, de meglepet\u00e9semre pici m\u0171anyag poh\u00e1rk\u00e1kkal kellett oper\u00e1lni a r\u00f6vidke pultn\u00e1l \u00e1llva. Az\u00e9rt \u00edgy vagy \u00fagy, de k\u00f3stolgattam a k\u00edn\u00e1latot, mik\u00f6zben a lep\u00e1rl\u00f3mesterrel, J\u00e1n Baloggal besz\u00e9lgettem. Egy \u0151szes, \u00e9letvid\u00e1m fick\u00f3, aki nem mellesleg magyar \u00e9desanyja r\u00e9v\u00e9n besz\u00e9l magyarul. A lassan fejembe k\u00f6lt\u00f6z\u0151 alkohol \u00e9s J\u00e1n term\u00e9szetes, \u0151szinte st\u00edlusa feloldott\u00e1k bennem a magammal hozott fesz\u00fclts\u00e9get.&nbsp;<\/p>\n\n\n\n<div style=\"height:40px\" aria-hidden=\"true\" class=\"wp-block-spacer\"><\/div>\n\n\n\n<figure class=\"wp-block-image\"><img decoding=\"async\" src=\"https:\/\/lh4.googleusercontent.com\/etzkX5uHbwapWBwtl6Rapxx5DafyI66W33brMlKjXqmpM-wpWXcD3Aoh4b06bOAe_cMY9Szrf1D1g4TQkgvGTJFKikepLglyWG1lpwEppXka1-ZdOdugkPKQdaAsXViw1cAI0YaS\" alt=\"\"\/><\/figure>\n\n\n\n<div style=\"height:40px\" aria-hidden=\"true\" class=\"wp-block-spacer\"><\/div>\n\n\n\n<p>Sz\u00f3ba ker\u00fclt p\u00e1r technol\u00f3giai dolog. H\u00e1rom v\u00e1rosban is van lep\u00e1rl\u00e1s \u00e9s a j\u00e1rul\u00e9kos rohang\u00e1l\u00e1s k\u00f6z\u00f6tt\u00fck, meg persze a nagy terv, hogy egy helyre vonj\u00e1k \u00f6ssze az eg\u00e9szet. \u00c9rdekes, hogy pont Trebitsch-ben nincs m\u00e9g desztill\u00e1l\u00e1s. A f\u00fcst\u00f6lt verzi\u00f3khoz a t\u0151zeg egy cseh magaslati helyr\u0151l sz\u00e1rmazik. Az alapp\u00e1rlatok sz\u0171z, szint\u00e9n cseh sz\u00e1rmaz\u00e1s\u00fa t\u00f6lgyfa hord\u00f3kba ker\u00fclnek, de Tokaj k\u00f6rny\u00e9k\u00e9r\u0151l is elkezdtek sz\u00e1ll\u00edtani, amit vegyesen \u00e1csolnak \u00f6ssze a hazai eredet\u0171vel. A jelenlegi k\u00edn\u00e1latban ezekb\u0151l a hibrid hord\u00f3s \u00e9rlel\u00e9sekb\u0151l m\u00e9g nincs, tekintve, hogy m\u00e9g kell nekik az a legal\u00e1bb h\u00e1rom \u00e9v. Az alapp\u00e1rlat gy\u00e1rt\u00e1si m\u00f3dja m\u00e1r be\u00e1llt, az \u00e9rlel\u00e9sekkel viszont m\u00e9g inzenz\u00edven k\u00eds\u00e9rleteznek. A 6 \u00e9ves p\u00e9ld\u00e1ul m\u00e1r t\u00fal hord\u00f3 hangs\u00falyos, \u00fagyhogy blendelget\u00e9si \u00e1lmokat is sz\u00f6v\u00f6getnek, hogy kicsit visszafinom\u00edts\u00e1k. Fiatal lep\u00e1rl\u00f3hoz k\u00e9pest eg\u00e9sz gazdag \u00e9rlel\u00e9si sorral tal\u00e1lkozhatunk, amire a tanul\u00e1s mellett a m\u00e1sik&nbsp; magyar\u00e1zat, hogy sz\u00ednesebb k\u00edn\u00e1latot szerettek volna a b\u00e1rban (ami a v\u00e1llalkoz\u00e1s alapja volt). Minden \u00e9vb\u0151l archiv\u00e1lnak hord\u00f3kat j\u00f6v\u0151beli \u00fcnnepi kiad\u00e1sokra. Egyel\u0151re Csehorsz\u00e1g a f\u0151 vad\u00e1szter\u00fclet, ahol j\u00f3l fut a bolt, de tapogat\u00f3znak m\u00e1s orsz\u00e1gokban, \u00edgy Magyarorsz\u00e1gon is. K\u00e9rdeztem m\u00e9g J\u00e1nt, van-e valami vicces t\u00f6rt\u00e9nete a lep\u00e1rl\u00f3val kapcsolatban, de nem tudott hirtelen egyet sem. Saj\u00e1t elmond\u00e1sa szerint \u0151 technol\u00f3gus, a lep\u00e1rl\u00e1shoz \u00e9rt, nem a marketinghez. Pik\u00e1ns adal\u00e9k, hogy m\u00e9g nem hallott Trebitsch Ign\u00e1cr\u00f3l, de rendk\u00edv\u00fcl j\u00f3t mulatott a nem v\u00e1rt kapcsolaton. Besz\u00e9lgett\u00fcnk m\u00e9g kicsit Hrabalr\u00f3l, zen\u00e9r\u0151l, a magyar \u00e9s cseh nyelvr\u0151l, ford\u00edt\u00e1sokr\u00f3l err\u0151l-arr\u00f3l. Megvan ebben a fick\u00f3ban az \u00e9let neh\u00e9zs\u00e9geit k\u00f6nnyed\u00e9n cipel\u0151 cseh vid\u00e1ms\u00e1g. M\u00e9lyr\u0151l j\u00f6v\u0151, k\u00f6v\u00e9r nevet\u00e9seket eresztett el, szinte felr\u00f6ppentek a leveg\u0151be \u00e9s m\u00e9g ott keringtek egy darabig k\u00f6r\u00fcl\u00f6tt\u00fcnk.<\/p>\n\n\n\n<p>Itthonra is k\u00e9rtem \u00e9s kaptam k\u00e9t k\u00f3stol\u00f3 szettet, amit nem b\u00e1ntam, mert a rendezv\u00e9nyen el\u00e9gg\u00e9 kutyafutt\u00e1ban \u00e9s zaklatottan tudtam szimatolni a gy\u0171sz\u0171nyi m\u0171anyagokb\u00f3l. Ott legjobban az 51 fokos f\u00fcst\u00f6s Monk v\u00e1ltozat tetszett a kellemes sonk\u00e1s-szalonn\u00e1s fel\u00fct\u00e9ssel az \u00e9des alapokon. Azt sajnos pont nem tartalmazza a k\u00e9t tasting set egyike sem.&nbsp;<\/p>\n\n\n\n<div style=\"height:40px\" aria-hidden=\"true\" class=\"wp-block-spacer\"><\/div>\n\n\n\n<figure class=\"wp-block-image aligncenter size-large\"><img loading=\"lazy\" decoding=\"async\" width=\"1024\" height=\"792\" src=\"https:\/\/dramazin.hu\/wp-content\/uploads\/2022\/04\/20220322_155603-1024x792.jpg\" alt=\"\" class=\"wp-image-501\" srcset=\"https:\/\/dramazin.hu\/wp-content\/uploads\/2022\/04\/20220322_155603-1024x792.jpg 1024w, https:\/\/dramazin.hu\/wp-content\/uploads\/2022\/04\/20220322_155603-300x232.jpg 300w, https:\/\/dramazin.hu\/wp-content\/uploads\/2022\/04\/20220322_155603-768x594.jpg 768w, https:\/\/dramazin.hu\/wp-content\/uploads\/2022\/04\/20220322_155603.jpg 1285w\" sizes=\"auto, (max-width: 1024px) 100vw, 1024px\" \/><\/figure>\n\n\n\n<div style=\"height:40px\" aria-hidden=\"true\" class=\"wp-block-spacer\"><\/div>\n\n\n\n<p>Most m\u00e1snap este van, ledar\u00e1ltam a napi munk\u00e1t, itthon nyugodtan neki\u00fclhetek a sornak. Leporoltam a lemezj\u00e1tsz\u00f3mat \u00e9s el\u0151kerestem a csehszlov\u00e1k bakelit lemezeimb\u0151l n\u00e9h\u00e1nyat. Az egyik legkedvesebb a Modry Efekt (r\u00e1keresve el\u00e9gg\u00e9 les\u00fajtott, hogy Radim Hladik git\u00e1ros elhunyt p\u00e1r \u00e9ve), de tal\u00e1ltam korongokat a Jazz Q Praha-t\u00f3l, n\u00e9h\u00e1nyat Jiri Stivin sz\u00e1mtalan kiadv\u00e1ny\u00e1b\u00f3l \u00e9s a Naima-t\u00f3l is. Hossz\u00fa \u00e9vek ut\u00e1n igaz\u00e1n \u00e9lvezetes alapot adnak a k\u00f3stol\u00e1shoz, \u00edgy h\u00e1t elkezdtem p\u00f6rgetni \u0151ket a h\u00e1tt\u00e9rben. A k\u00e9t tacsk\u00f3nk persze tojik a csehszlov\u00e1k progressz\u00edv rockzenei szc\u00e9na nagyjaira \u00e9s a hangfalt\u00f3l egy m\u00e9terre szuszognak elter\u00fclve. Az sem zavarja \u0151ket, hogy k\u00f6r\u00fcl\u00f6tt\u00fck topogok, matatok a lemezeket lapozgatva. Bezzeg a h\u0171t\u0151ajt\u00f3 nyit\u00e1s\u00e1nak legjelent\u00e9ktelenebb hangj\u00e1ra felpattannak \u00e9s \u00e1s\u00edtozva-ny\u00fajt\u00f3zkodva b\u00e1r, de vill\u00e1mgyorsan felsorakoznak egy p\u00e1r alkalmi falat rem\u00e9ny\u00e9ben.<\/p>\n\n\n\n<div style=\"height:40px\" aria-hidden=\"true\" class=\"wp-block-spacer\"><\/div>\n\n\n\n<figure class=\"wp-block-image\"><img decoding=\"async\" src=\"https:\/\/lh5.googleusercontent.com\/j7O8--J5aNB2B1HqxyQtAC2YxPihh0N_2caLaK4N25zoIQmF8FXS9-EZQ1twDSFMTNF42f_v_qn6z-Zfo3HVCmiX2OREu59zITrF1sHnRZPuVMns-n47NLmjIwGNCcBY-aNMZne2\" alt=\"\"\/><\/figure>\n\n\n\n<div style=\"height:40px\" aria-hidden=\"true\" class=\"wp-block-spacer\"><\/div>\n\n\n\n<p>Az alap single maltnak savanyk\u00e1s-\u00e9des, kicsit mal\u00e1t\u00e1s illata van. Nagyon halv\u00e1ny, az \u00edze is l\u00e1gy \u00e9s \u00e9des. V\u00e9g\u00fcl is kellemes, de nagyon v\u00e9kony, nagyon t\u00e1voli, messzir\u0151l integet. P\u00e1r \u00e9ves, 40 fokos. Nem a sk\u00f3t whisky komplexit\u00e1sa. A jap\u00e1n pehelys\u00faly\u00fa blendek jutnak eszembe. El lehet iszogatni, att\u00f3l f\u00fcgg mit akar az ember.&nbsp;<\/p>\n\n\n\n<p>A hat \u00e9vesre \u00fagy eml\u00e9keztem a rendezv\u00e9nyr\u0151l, hogy a sz\u0171z hord\u00f3 t\u00falhordta \u00e9s nagy hat\u00e1ssal volt r\u00e1, a 40-es abv ellen\u00e9re hars\u00e1ny \u00e9s cs\u00edp\u0151s volt, sokkal er\u0151teljesebbnek t\u0171nt (lehet, hogy \u0151k besz\u00e9lt\u00e9k bel\u00e9m a blendel\u00e9ses hist\u00f3ri\u00e1val?). Most itthon az illata nagyon v\u00e9kony, az \u00edze sem er\u0151s. Egy\u00e9bk\u00e9nt nem kellemetlen, ez is \u00e9desk\u00e9s, n\u00e9hol egy kis cefr\u00e9s alkohol el\u0151b\u00fajik enyhe mal\u00e1t\u00e1val kar\u00f6ltve. Nem tudok nagy k\u00fcl\u00f6nbs\u00e9get tenni az alaphoz k\u00e9pest, a sz\u00edne hat\u00e1rozottabb, s\u00f6t\u00e9tebb, a plusz p\u00e1r \u00e9v ott biztosan tetten \u00e9rhet\u0151.&nbsp;<\/p>\n\n\n\n<p>A 43 sz\u00e1zal\u00e9kos f\u00fcst\u00f6sben is ott van a Monk 51 fokos v\u00e1ltozat\u00e1b\u00f3l ismer\u0151s sonka \u00e9s szalonna im\u00e1dnival\u00f3 illata. Ez nem az a medicin\u00e1lis islay orrba v\u00e1g\u00e1s, ett\u0151l szinte meg\u00e9hezem, ez a r\u00e9sze nagyon tetszik. A vonz\u00f3 f\u00fcst\u00f6t lesz\u00e1m\u00edtva az alap architekt\u00fara itt is ugyanaz: l\u00e1gy, \u00e9des, halov\u00e1ny \u00e9s messzi. El lehet iszogatni, de egy m\u00e9lyebb mereng\u00e9shez kev\u00e9s. Az 51-es monk sokkal jobb volt, \u00e9n a t\u00f6bbinek is hagytam volna mer\u00e9szebb alkoholfokot, de val\u00f3sz\u00edn\u0171leg nem a magamfajta a c\u00e9lk\u00f6z\u00f6ns\u00e9g.<\/p>\n\n\n\n<p>Az ut\u00f3\u00e9rlelt sor els\u0151 darabja a konyakos, ami hasonl\u00f3an s\u00e1padt illat- \u00e9s \u00edzvil\u00e1g\u00fa az el\u0151z\u0151ekhez, ez is 40 fokos, de hat\u00e1rozottan \u00e9rezni, hogy itt t\u00f6rt\u00e9nik m\u00e9g valami finom, lik\u0151r\u00f6s, \u00e9mely\u00edt\u0151 illat. Ad valami nem t\u00fal tolakod\u00f3, de az\u00e9rt letagadhatatlan karaktert. Eg\u00e9sz kellemes, persze a jap\u00e1n blendszer\u0171 k\u00f6nnyeds\u00e9g itt is szembet\u0171n\u0151. Nem vagyok a konyak nagy bar\u00e1tja (fiatalkoromban cs\u00fany\u00e1n elint\u00e9zt\u00fck magunkat egy bar\u00e1tommal), de itt elf\u00e9r k\u00f6zvetetten.<\/p>\n\n\n\n<p>A szint\u00e9n 40-es port\u00f3i ut\u00f3\u00e9rlel\u00e9s is l\u00e1gy \u00e9s megint csak \u00e9des \u00e9s \u00e9des \u00e9s \u00e9des, de egy kis keresg\u00e9l\u00e9s, egy kis szagl\u00e1sz\u00e1s ut\u00e1n ott van a port j\u00f3l ismert fanyars\u00e1ga a h\u00e1tt\u00e9rben. Az illata azt hiszem ebben t\u00e9r el legink\u00e1bb a t\u00f6bbit\u0151l, mind k\u00f6z\u00fcl ez hozta a legink\u00e1bb ismer\u0151s zamatokat az \u00e9rlel\u00e9s rajong\u00f3j\u00e1nak. Az \u00edze el\u00e9gg\u00e9 hasonl\u00f3 a rumoshoz \u00e9s a konyakoshoz.&nbsp;<\/p>\n\n\n\n<p>A v\u00e9g\u00e9re maradt a nicaraguai rumos (40% szint\u00e9n). Az illat\u00e1ban egy\u00e9rtelm\u0171en ki\u00e9rezhet\u0151 az extra karakter, nem kell nagyot alak\u00edtania, hogy majdnem teljesen elnyomja a visszafogott whisky alapot. Eg\u00e9szen form\u00e1s, arom\u00e1s darab, persze ez is nagyon l\u00e1jt \u00e9s \u00e9des.<\/p>\n\n\n\n<div style=\"height:40px\" aria-hidden=\"true\" class=\"wp-block-spacer\"><\/div>\n\n\n\n<figure class=\"wp-block-image\"><img decoding=\"async\" src=\"https:\/\/lh6.googleusercontent.com\/DEwKa4JblFpuuPWOwojwEHmYXX9hJXnOHnDHt85rF6u2ZSNugujKuWcQ5sdHK9irCDuCQ1fm0raidaKFG-3C6A3EXvfdXyyiOhPntHdN948wLtpHyWWE0YqDUhI1yVy7pngGR3oH\" alt=\"\"\/><\/figure>\n\n\n\n<div style=\"height:40px\" aria-hidden=\"true\" class=\"wp-block-spacer\"><\/div>\n\n\n\n<p>\u00d6sszess\u00e9g\u00e9ben v\u00e9gtelen\u00fcl k\u00f6nnyed, m\u00e1r-m\u00e1r n\u0151ies p\u00e1rlatok egy ny\u00e1ri est\u00e9re, egy buliba vagy egy besz\u00e9lget\u00e9shez. Ugyanarra az enyh\u00e9n savanyk\u00e1s, nagyon \u00e9des, picit mal\u00e1t\u00e1s, egy\u00e9bk\u00e9nt el\u00e9g egyedi, felismerhet\u0151 alapra \u00e9p\u00fclnek k\u00fcl\u00f6nb\u00f6z\u0151 csavarokkal, mint az extra hord\u00f3 \u00e9s a f\u00fcst. A ki\u00e1ll\u00edt\u00e1son t\u00f6bbnek az \u00edz\u00e9ben \u00e9reztem az alkohol kibukkan\u00f3 \u00edz\u00e9t, most idehaza szinte egy\u00e1ltal\u00e1n nem. Tal\u00e1n a nyugalom, p\u00e1r j\u00f3 zene vagy egy vacsora. Vagy csak egy m\u00e1sik nap. Ha vennem kellene egy palackot, akkor az 51-es f\u00fcst\u00f6s monkot dobn\u00e1m a kos\u00e1rba, m\u00e1r csak a tisztess\u00e9ges alkoholfok miatt is. J\u00f3t tett neki eml\u00e9keim szerint. A m\u00e1sodik helyezett a port, de azt hiszem csak az\u00e9rt, mert ott fedeztem fel a legt\u00f6bb ismer\u0151s \u00edzt ennek az izgalmas ut\u00f3\u00e9rlel\u00e9snek a menthetetlen rajong\u00f3jak\u00e9nt. A t\u00f6bbi ker\u00fclj\u00f6n mind a dobog\u00f3 harmadik fok\u00e1ra.<\/p>\n\n\n\n<p>Fiatal lep\u00e1rl\u00f3, van m\u00e9g mit tanulni \u00e9s k\u00eds\u00e9rletezni a hord\u00f3kkal, de \u00e9n l\u00e1tok benne fant\u00e1zi\u00e1t. Biztosan megvan, meglesz a k\u00f6z\u00f6ns\u00e9ge, akik nagy val\u00f3sz\u00edn\u0171s\u00e9ggel nem az elm\u00e9ly\u00fclt whisky-tud\u00f3s t\u00e1rsadalomb\u00f3l ker\u00fclnek ki, de szerintem nem is ez\u00e9rt gy\u00e1rtj\u00e1k. Ink\u00e1bb a sz\u00e9les k\u00f6z\u00f6ns\u00e9gnek sz\u00e1nt, k\u00f6nnyed italok ezek. A cseh kultur\u00e1lis eml\u00e9kekkel \u00e9s kalandoz\u00e1sokkal egy\u00fctt igaz\u00e1n j\u00f3l \u00e9reztem magam ezen a r\u00f6vidke utaz\u00e1son \u00e9s meglehet, hogy az igazi Trebitsch elk\u00e9peszt\u0151 \u00e9let\u00e9t sem ismertem volna meg. K\u00e1r lett volna kihagyni.<\/p>\n\n\n\n<p>T\u00f6lgyesi Norbert<\/p>\n","protected":false},"excerpt":{"rendered":"<p>Izgatott lettem, amikor a cseh Trebitsch whiskygy\u00e1rt\u00f3 k\u00f3stol\u00f3 megh\u00edv\u00f3j\u00e1t lepasszolt\u00e1k nekem. A csehek \u00e9s az&#8230;<\/p>\n","protected":false},"author":1,"featured_media":505,"comment_status":"open","ping_status":"open","sticky":false,"template":"","format":"standard","meta":{"footnotes":""},"categories":[2,194,159],"tags":[31,53,54,52,30,23,24,44],"class_list":["post-478","post","type-post","status-publish","format-standard","has-post-thumbnail","hentry","category-tolgyesi-norbert","category-vizitkartya","category-zenegep","tag-cseh","tag-hrabal","tag-irodalom","tag-jazz","tag-trebitsch","tag-whisky","tag-whisky-kostolo","tag-zene"],"_links":{"self":[{"href":"https:\/\/dramazin.hu\/index.php?rest_route=\/wp\/v2\/posts\/478","targetHints":{"allow":["GET"]}}],"collection":[{"href":"https:\/\/dramazin.hu\/index.php?rest_route=\/wp\/v2\/posts"}],"about":[{"href":"https:\/\/dramazin.hu\/index.php?rest_route=\/wp\/v2\/types\/post"}],"author":[{"embeddable":true,"href":"https:\/\/dramazin.hu\/index.php?rest_route=\/wp\/v2\/users\/1"}],"replies":[{"embeddable":true,"href":"https:\/\/dramazin.hu\/index.php?rest_route=%2Fwp%2Fv2%2Fcomments&post=478"}],"version-history":[{"count":21,"href":"https:\/\/dramazin.hu\/index.php?rest_route=\/wp\/v2\/posts\/478\/revisions"}],"predecessor-version":[{"id":7188,"href":"https:\/\/dramazin.hu\/index.php?rest_route=\/wp\/v2\/posts\/478\/revisions\/7188"}],"wp:featuredmedia":[{"embeddable":true,"href":"https:\/\/dramazin.hu\/index.php?rest_route=\/wp\/v2\/media\/505"}],"wp:attachment":[{"href":"https:\/\/dramazin.hu\/index.php?rest_route=%2Fwp%2Fv2%2Fmedia&parent=478"}],"wp:term":[{"taxonomy":"category","embeddable":true,"href":"https:\/\/dramazin.hu\/index.php?rest_route=%2Fwp%2Fv2%2Fcategories&post=478"},{"taxonomy":"post_tag","embeddable":true,"href":"https:\/\/dramazin.hu\/index.php?rest_route=%2Fwp%2Fv2%2Ftags&post=478"}],"curies":[{"name":"wp","href":"https:\/\/api.w.org\/{rel}","templated":true}]}}