{"id":482,"date":"2022-05-09T10:53:28","date_gmt":"2022-05-09T10:53:28","guid":{"rendered":"https:\/\/dramazin.hu\/?p=482"},"modified":"2022-05-20T06:32:09","modified_gmt":"2022-05-20T06:32:09","slug":"ejjeli-furdo","status":"publish","type":"post","link":"https:\/\/dramazin.hu\/?p=482","title":{"rendered":"\u00c9jjeli f\u00fcrd\u0151"},"content":{"rendered":"\n<p>Glendronach 21, bar\u00e1tom. Gyere \u00fclj\u00fcnk le kicsit. Ny\u00fajt\u00f3ztassuk ki magunkat, hagyjunk h\u00e1tra ny\u0171g\u00f6t, bajt, neh\u00e9zs\u00e9get, az eltelt \u00e9veket. Hagyjuk el a napot, hagyjuk a k\u00f6nnyeket. K\u00e9s\u0151re j\u00e1r, el\u00fcl a zaj. M\u00e1r csak t\u00e1voli j\u00e1rm\u0171vek z\u00fagnak \u00e1t az \u00e9jszak\u00e1n, itt-ott s\u00falyos l\u00e9pek csattognak dolguk ut\u00e1n, bele kihalt utc\u00e1kba. Izgatott, t\u00f6m\u00f6r bogarak koppannak az utcai l\u00e1mp\u00e1k f\u00e9ny\u00e9n, megig\u00e9zi \u0151ket az el\u00e9rhetetlen.&nbsp;<\/p>\n\n\n\n<div style=\"height:40px\" aria-hidden=\"true\" class=\"wp-block-spacer\"><\/div>\n\n\n\n<figure class=\"wp-block-image\"><img decoding=\"async\" src=\"https:\/\/lh6.googleusercontent.com\/0QFarA2BkUNfAMpuvoizfwHgeciuIXNs5HSYUGaQV4DSlbcewUvG7352JBrHyYHTola7wHQ_giCSA8Ulsb5IzGNEBDsOl7frHcYGIF72AW2olo6W-vcQoi8j4eKdx5AfUdlAFirA\" alt=\"\"\/><\/figure>\n\n\n\n<div style=\"height:40px\" aria-hidden=\"true\" class=\"wp-block-spacer\"><\/div>\n\n\n\n<p>Glendronach&#8230; \u00dar vagy. Visszafogott, halv\u00e1ny c\u00edmk\u00e9d \u00e9rett, b\u00f6lcs. \u00dagy vagy er\u0151s, hogy nem b\u00e1ntasz. \u00c9des, nem \u00e9mely\u00edt\u0151. Nem besz\u00e9lsz sokat, sokat mondasz. Gondolatok \u00e9brednek nyomodban, sz\u00e1m\u00edt, hogy itt j\u00e1rt\u00e1l. Figyelmet k\u00e9rsz \u00e9s adsz, egy\u00fctt kel\u00fcnk \u00fatra. Leengedj\u00fck a s\u00falyokat, f\u00e9lregur\u00edtjuk \u0151ket, beg\u00f6rd\u00fclnek az \u00e1rokba. Megy\u00fcnk tov\u00e1bb, ott is egyet. M\u00e9g tov\u00e1bb, m\u00e9g egyet. F\u00f6l\u00f6tt\u00fcnk az \u00e9g \u00e9s a csillagok. El\u0151tt\u00fcnk a vil\u00e1g \u00e9s messzi templomtorony. Nem siet\u00fcnk, vagyunk magunknak. Holdf\u00e9nyn\u00e9l f\u00fcrd\u00fcnk egy messzi, eldugott t\u00f3ban, nincs a t\u00e9rk\u00e9peken. H\u00edn\u00e1r, iszap, ragacs, nem sz\u00e1m\u00edt. \u00c9jjeli b\u00e9kakuruttyol\u00e1s, h\u0171s habok. Kim\u00e1szunk, diderg\u00fcnk. Felmeleg\u00edt a fut\u00e1s. V\u00e9gtelen a t\u00e9r, mi beleszaladunk, nem l\u00e1tok hat\u00e1rt. Fiatals\u00e1g, sz\u00edvdobog\u00e1s, rem\u00e9ny. Nem b\u00e1nt m\u00falt \u00e9s j\u00f6v\u0151, nem sz\u00e1m\u00edt id\u0151, t\u00e9r. T\u00f6k\u00e9ly.<\/p>\n\n\n\n<div style=\"height:40px\" aria-hidden=\"true\" class=\"wp-block-spacer\"><\/div>\n\n\n\n<div class=\"wp-block-image\"><figure class=\"aligncenter is-resized\"><img loading=\"lazy\" decoding=\"async\" src=\"https:\/\/lh6.googleusercontent.com\/Lrzt_ETYw92YNx9xP2QHQHxkmKUiKhtnbsg2IcXoN7Z07KioGJD3OP8mA8hDgu99qM_ZxEdAAMts2LTisyoFMUzW3zuX8Ahu7mOyXl2Ja5x0oSquYfkW_YRVIBCsm6cDh964ZqhW\" alt=\"\" width=\"546\" height=\"852\"\/><figcaption>Az illeg\u00e1lis f\u0151zd\u00e9k kor\u00e1ban a lep\u00e1rl\u00f3 k\u00f6r\u00fcli f\u00e1kon lebzsel\u0151 varjak felr\u00f6ppen\u00e9se (varjak parlamentje) jelezte az ellen\u0151r\u00f6k \u00e9rkez\u00e9s\u00e9t. Err\u0151l kapta nev\u00e9t a 21 \u00e9ves kiad\u00e1s.<\/figcaption><\/figure><\/div>\n\n\n\n<div style=\"height:40px\" aria-hidden=\"true\" class=\"wp-block-spacer\"><\/div>\n\n\n\n<p>T\u00f6lgyesi Norbert<\/p>\n","protected":false},"excerpt":{"rendered":"<p>Glendronach 21, bar\u00e1tom. Gyere \u00fclj\u00fcnk le kicsit. Ny\u00fajt\u00f3ztassuk ki magunkat, hagyjunk h\u00e1tra ny\u0171g\u00f6t, bajt, neh\u00e9zs\u00e9get,&#8230;<\/p>\n","protected":false},"author":1,"featured_media":517,"comment_status":"open","ping_status":"open","sticky":false,"template":"","format":"standard","meta":{"footnotes":""},"categories":[2],"tags":[34,16,36,23],"class_list":["post-482","post","type-post","status-publish","format-standard","has-post-thumbnail","hentry","category-tolgyesi-norbert","tag-glendronach","tag-tasting","tag-tolgyesi-norbi","tag-whisky"],"_links":{"self":[{"href":"https:\/\/dramazin.hu\/index.php?rest_route=\/wp\/v2\/posts\/482","targetHints":{"allow":["GET"]}}],"collection":[{"href":"https:\/\/dramazin.hu\/index.php?rest_route=\/wp\/v2\/posts"}],"about":[{"href":"https:\/\/dramazin.hu\/index.php?rest_route=\/wp\/v2\/types\/post"}],"author":[{"embeddable":true,"href":"https:\/\/dramazin.hu\/index.php?rest_route=\/wp\/v2\/users\/1"}],"replies":[{"embeddable":true,"href":"https:\/\/dramazin.hu\/index.php?rest_route=%2Fwp%2Fv2%2Fcomments&post=482"}],"version-history":[{"count":4,"href":"https:\/\/dramazin.hu\/index.php?rest_route=\/wp\/v2\/posts\/482\/revisions"}],"predecessor-version":[{"id":512,"href":"https:\/\/dramazin.hu\/index.php?rest_route=\/wp\/v2\/posts\/482\/revisions\/512"}],"wp:featuredmedia":[{"embeddable":true,"href":"https:\/\/dramazin.hu\/index.php?rest_route=\/wp\/v2\/media\/517"}],"wp:attachment":[{"href":"https:\/\/dramazin.hu\/index.php?rest_route=%2Fwp%2Fv2%2Fmedia&parent=482"}],"wp:term":[{"taxonomy":"category","embeddable":true,"href":"https:\/\/dramazin.hu\/index.php?rest_route=%2Fwp%2Fv2%2Fcategories&post=482"},{"taxonomy":"post_tag","embeddable":true,"href":"https:\/\/dramazin.hu\/index.php?rest_route=%2Fwp%2Fv2%2Ftags&post=482"}],"curies":[{"name":"wp","href":"https:\/\/api.w.org\/{rel}","templated":true}]}}