{"id":486,"date":"2022-05-19T05:33:51","date_gmt":"2022-05-19T05:33:51","guid":{"rendered":"https:\/\/dramazin.hu\/?p=486"},"modified":"2026-03-22T10:39:14","modified_gmt":"2026-03-22T10:39:14","slug":"a-vilag-legjobb-lemeze","status":"publish","type":"post","link":"https:\/\/dramazin.hu\/?p=486","title":{"rendered":"A vil\u00e1g legjobb lemeze"},"content":{"rendered":"\n<p>A vil\u00e1g legjobb lemeze! &#8211; vetette oda ap\u00e1m \u00e9s a kezembe adott egy kazett\u00e1t, majd ment a dolg\u00e1ra. Alig volt odahaza. Eleinte nagyon hi\u00e1nyzott, minden morzs\u00e1nyi percnek \u00f6r\u00fcltem, amit egy\u00fctt t\u00f6lt\u00f6tt\u00fcnk, ha \u00fagy volt ott, hogy besz\u00e9lgett\u00fcnk, ha figyelt r\u00e1m. T\u00f6bbnyire akkor volt el\u00e9rhet\u0151, ha s\u00f6r\u00f6z\u00f6tt \u00e9s magn\u00f3t hallgatott a pici konyh\u00e1ban. Olyankor ott \u00fcltem, \u0151 itta a s\u00f6r\u00e9t, \u00e9n ittam a szavait \u00e9s \u00e9lvezt\u00fck a zen\u00e9t. M\u00e1skor z\u00e1rk\u00f3zott volt, nem besz\u00e9lt, elment vagy haza se j\u00f6tt. A s\u00f6r\u00f6z\u00e9sen k\u00edv\u00fcl akkor tudtam m\u00e9g el\u00e9rni, ha \u00e9jszaka mentem vele fuvarba pakolni. Akkoriban m\u00e9g if\u00e1val. J\u00f3kat dum\u00e1ltunk. Egyszer a nagybani piacon ragadtunk \u00e9jszak\u00e1ra a rettenet hidegben, mert nem \u00e9rkezett meg az \u00e1ru, a f\u0151n\u00f6k pedig utas\u00edtott, hogy v\u00e1rjunk reggelig. Megsp\u00f3roltuk neki egy oda-vissza \u00fat \u00e1r\u00e1t. Hozz\u00e1ragadt az \u00e9rme a kezemhez a telefonf\u00fclk\u00e9ben, amikor any\u00e1mat felh\u00edvtam, hogy nem megy\u00fcnk haza. Az teheraut\u00f3t beind\u00edtva f\u0171t\u00f6tt\u00fcnk. Ap\u00e1m felhajtotta az utast\u00e9rben l\u00e9v\u0151 motorh\u00e1ztet\u0151t \u00e9s odakuporodtunk a ritmusosan klattyog\u00f3, hangos d\u00edzelmotorhoz az olajszagba. A f\u0151n\u00f6k fizette a vacsor\u00e1nkat, \u00edgy bement\u00fcnk egy \u00e9jjeli \u00e9tterembe \u00e9s urak voltunk egy \u00f3r\u00e1ra. Marhap\u00f6rk\u00f6ltet ettem tarhony\u00e1val, k\u00f6zben ment az ad\u00e1s a magasan falra akasztott kist\u00e9v\u00e9n. Egy \u00f6lt\u00f6ny\u00f6s, \u0151sz \u00f6regember \u00e9nekelt, m\u00f6g\u00f6tte csontv\u00e1zv\u00e9kony, kifestett n\u0151k mozogtak unottan a zen\u00e9re . Mi a fene? Nem \u00e9rtettem. \u00c9vekkel k\u00e9s\u0151bb j\u00f6ttem csak r\u00e1, hogy Uhrin Benedeket l\u00e1ttam. A Rebek\u00e1t adta el\u0151 m\u00e9g a nagy befut\u00e1s el\u0151tt. Sz\u00f6rny\u0171 este volt, sz\u00e9p este volt.&nbsp;<\/p>\n\n\n\n<p>Tizenk\u00e9t vagy tizenh\u00e1rom \u00e9ves lehettem, jav\u00e1ban benne voltam m\u00e1r a p\u00e1rsz\u00e1z darabos kazettagy\u0171jtem\u00e9ny felfedez\u00e9s\u00e9ben. Az eg\u00e9sz a k\u00f6nyvekkel megrakott, feh\u00e9r polcon foglalt helyet, amit ap\u00e1m k\u00e9sz\u00edtett. A nagyap\u00e1m is \u00f6sszedobott fusiban egy polcot \u00e9s az ap\u00e1m is. Csal\u00e1di hagyom\u00e1ny. El\u0151bbi m\u00e9g megvan, ut\u00f3bbi elveszett az \u00e9vek z\u0171rzavar\u00e1ban. N\u00e9ha eszembe jut \u00e9s sajn\u00e1lom. Nekem is kellene k\u00e9sz\u00edtenem egyet. A kazett\u00e1kon Doors, Led Zeppelin, Uriah Heep \u00e9s a t\u00f6bbiek. De mire mondta ap\u00e1m, hogy a vil\u00e1g legjobbja? Az \u00e9rzelmei \u00e1ltal vez\u00e9relt ap\u00e1m, a pillanatnak \u00e9l\u0151 ap\u00e1m. Csak \u00fagy lebegett ut\u00e1na a csal\u00e1d a viharban. Tal\u00e1n csak aznap ap\u00e1m, tal\u00e1n csak pillanatnyi h\u00e9vb\u0151l ap\u00e1m, a vil\u00e1g legjobb lemeze ap\u00e1m. King Crimson: Red 1974-b\u0151l. Lengyel kazett\u00e1n a piacr\u00f3l. Sok hasonl\u00f3nk volt. Rajtuk felirat: Zaiks Biem. <\/p>\n\n\n\n<div style=\"height:40px\" aria-hidden=\"true\" class=\"wp-block-spacer\"><\/div>\n\n\n\n<figure class=\"wp-block-gallery has-nested-images columns-default is-cropped wp-block-gallery-1 is-layout-flex wp-block-gallery-is-layout-flex\">\n<figure class=\"wp-block-image size-large\"><img loading=\"lazy\" decoding=\"async\" width=\"600\" height=\"598\" data-id=\"532\" src=\"https:\/\/dramazin.hu\/wp-content\/uploads\/2022\/04\/red_casette_1.jpg\" alt=\"\" class=\"wp-image-532\" srcset=\"https:\/\/dramazin.hu\/wp-content\/uploads\/2022\/04\/red_casette_1.jpg 600w, https:\/\/dramazin.hu\/wp-content\/uploads\/2022\/04\/red_casette_1-300x300.jpg 300w, https:\/\/dramazin.hu\/wp-content\/uploads\/2022\/04\/red_casette_1-150x150.jpg 150w\" sizes=\"auto, (max-width: 600px) 100vw, 600px\" \/><\/figure>\n\n\n\n<figure class=\"wp-block-image size-large\"><img loading=\"lazy\" decoding=\"async\" width=\"739\" height=\"727\" data-id=\"533\" src=\"https:\/\/dramazin.hu\/wp-content\/uploads\/2022\/04\/red_casette_2-1.jpg\" alt=\"\" class=\"wp-image-533\" srcset=\"https:\/\/dramazin.hu\/wp-content\/uploads\/2022\/04\/red_casette_2-1.jpg 739w, https:\/\/dramazin.hu\/wp-content\/uploads\/2022\/04\/red_casette_2-1-300x295.jpg 300w\" sizes=\"auto, (max-width: 739px) 100vw, 739px\" \/><\/figure>\n<\/figure>\n\n\n\n<div style=\"height:40px\" aria-hidden=\"true\" class=\"wp-block-spacer\"><\/div>\n\n\n\n<p>Ma m\u00e1r nincsenek meg, ezek is elmaradtak valahol, valamikor, k\u00e9t lak\u00e1s k\u00f6z\u00f6tt. Fekete bor\u00edt\u00f3, amir\u0151l h\u00e1rom kontrasztos arc n\u00e9z vissza: John Wetton, Bill Bruford \u00e9s Robert Fripp, felett\u00fck v\u00f6r\u00f6sen a felirat: Red. A h\u00e9t \u00e9ves sz\u00fcnet el\u0151tt kiadott utols\u00f3 st\u00fadi\u00f3lemez. K\u00edv\u00e1ncsian forgattam \u00e9s b\u00e1rcsak mondhatn\u00e1m, hogy kozmikus egym\u00e1sra tal\u00e1l\u00e1s volt ez! De nem. Nem eml\u00e9kszem annak a napnak a folytat\u00e1s\u00e1ra, tal\u00e1n annyira igen, hogy sok volt az m\u00e9g akkor. De \u00e9vekkel k\u00e9s\u0151bb m\u00e1r im\u00e1dtam. Ritk\u00e1n tettem fel, mert \u00f3vva intett ap\u00e1m, hogy el ne cs\u00e9peljem a var\u00e1zs\u00e1t. \u00c9s t\u00e9nyleg micsoda zene, nem fogtak rajta az \u00e9vtizedek. Az alkot\u00f3kon igen, szeg\u00e9ny Wetton m\u00e1r a m\u00falt\u00e9, porr\u00e1 lett. De ez a zene majd f\u00e9l \u00e9vsz\u00e1zad eltelt\u00e9vel is zene \u00e9s m\u00e9g \u00f6tven \u00e9v m\u00falva is az lesz.<\/p>\n\n\n\n<p>Ma m\u00e1r lemezen hallgatom. Itt serceg el\u0151ttem, kopik, forog, fogy minden lej\u00e1tsz\u00e1ssal. Nagyon neh\u00e9z, t\u00f6bbr\u00e9teg\u0171 git\u00e1r, f\u00e1jdalmasan, frippesen torz\u00edtva, a tetej\u00e9n csontkem\u00e9ny f\u00fav\u00f3sok. Csontzene ez. Bev\u00e1lasztott\u00e1k minden id\u0151k 50 legkem\u00e9nyebb \u00e9s legnehezebb albuma k\u00f6z\u00e9: 50 Heaviest Albums of All Time. Intelligens \u00e9s neh\u00e9z.&nbsp;<\/p>\n\n\n\n<div style=\"height:40px\" aria-hidden=\"true\" class=\"wp-block-spacer\"><\/div>\n\n\n\n<figure class=\"wp-block-image size-large\"><img loading=\"lazy\" decoding=\"async\" width=\"1024\" height=\"822\" src=\"https:\/\/dramazin.hu\/wp-content\/uploads\/2022\/04\/20220420_190823-1024x822.jpg\" alt=\"\" class=\"wp-image-507\" srcset=\"https:\/\/dramazin.hu\/wp-content\/uploads\/2022\/04\/20220420_190823-1024x822.jpg 1024w, https:\/\/dramazin.hu\/wp-content\/uploads\/2022\/04\/20220420_190823-300x241.jpg 300w, https:\/\/dramazin.hu\/wp-content\/uploads\/2022\/04\/20220420_190823-768x617.jpg 768w, https:\/\/dramazin.hu\/wp-content\/uploads\/2022\/04\/20220420_190823.jpg 1295w\" sizes=\"auto, (max-width: 1024px) 100vw, 1024px\" \/><\/figure>\n\n\n\n<div style=\"height:40px\" aria-hidden=\"true\" class=\"wp-block-spacer\"><\/div>\n\n\n\n<p>A kezemben poh\u00e1r, benne a Glenfarclas Culinaris, ami k\u00e9ts\u00e9gtelen\u00fcl egy vaskos, t\u00f6m\u00f6tt whisky. Tal\u00e1n nem olyan sokr\u00e9t\u0171, viszont \u00edgy nem veszi el a figyelmet a muzsik\u00e1t\u00f3l. Egyetlen els\u0151t\u00f6lt\u00e9s\u0171 sherry hord\u00f3 330 palackba osztva, a Culinaris \u00fczletl\u00e1nc 10 \u00e9ves budapesti \u00e9vfordul\u00f3j\u00e1ra kiadva. 10 \u00e9ves, 2003-ban desztill\u00e1lva. 2003. Az egyik legfontosabb volt az \u00e9letemben. Mindig nagy szeretettel n\u00e9zek a c\u00edmk\u00e9re \u00e9s minden alkalommal el\u00e9rz\u00e9keny\u00fcl\u00f6k, ha megpillantom ezt az \u00e9vsz\u00e1mot. Az ital sz\u00edne m\u00e9lybarna \u00e9s s\u00f6t\u00e9tv\u00f6r\u00f6s, nem engedi \u00e1t a tekintetet. A korty \u00fct. Neh\u00e9z, s\u0171r\u0171, mint valami \u00f3ri\u00e1si s\u00faly, lend\u00fcl egy nagyot \u00e9s visz mag\u00e1val. Bele\u00e1llok a poh\u00e1rba fejjel. Massz\u00edv, igazi tah\u00f3 glenfarclas, sz\u00f3 szerint mellkasba r\u00fag. Egyszer\u0171, \u0151szinte, egyenesen a hord\u00f3b\u00f3l. Mogyor\u00f3, \u00e9tcsokol\u00e1d\u00e9, p\u00f6rk\u00f6lt k\u00e1v\u00e9 \u00e9s fekete tea. Id\u0151vel \u00e9des-savanyk\u00e1s, s\u00f6t\u00e9t erdei gy\u00fcm\u00f6lcs\u00f6k. A hord\u00f3er\u0151ss\u00e9g iszonyat j\u00f3. El\u0151sz\u00f6r vizezem, azt\u00e1n elhagyom, ide nekem az eg\u00e9szet telibe, teljes hanger\u0151n. <\/p>\n\n\n\n<div style=\"height:40px\" aria-hidden=\"true\" class=\"wp-block-spacer\"><\/div>\n\n\n\n<figure class=\"wp-block-image\"><img decoding=\"async\" src=\"https:\/\/lh5.googleusercontent.com\/a3LNMujVTfArzEABcT5PyDnk657zwYaGmA9o7awtTiQePcfOBJrOpnKBTrmCHdwBaUXgT_YGxdqxNWULo49KjXU3b0z1Bfb1YG7lhkzNBysx_cXV1kwbyCcUnWEm2YpTnaYDKMXJ\" alt=\"\"\/><\/figure>\n\n\n\n<div style=\"height:40px\" aria-hidden=\"true\" class=\"wp-block-spacer\"><\/div>\n\n\n\n<p><\/p>\n\n\n\n<p>Az \u00edzek t\u00e1ncot j\u00e1rnak a zen\u00e9vel, \u00f6sszefon\u00f3dnak \u00e9s k\u00f6rbevesznek, felemelnek. Az utols\u00f3 sz\u00e1m a Starless, a csillagtalan, sz\u00e9pen, de fojtottan indul, egy hatalmas, emelked\u0151 \u00edv az eg\u00e9sz. Tizenk\u00e9t perc, a v\u00e9g\u00e9re cs\u00facsra j\u00e1rat, megfesz\u00edt, eldob \u00e9s visszahoz, meg\u0151rj\u00edt. A f\u00fav\u00f3sok sik\u00edtanak, a git\u00e1r s\u00edr, a basszus \u00e9s a dob tal\u00e1n az utols\u00f3t j\u00e1rj\u00e1k. Tizenh\u00e1rom-nyolcad. \u0150r\u00fclet. Majd egy kattan\u00e1s \u00e9s a lemez meg\u00e1ll. Csend. Most hallom a saj\u00e1t fesz\u00fclt l\u00e9legzetem. A poharam \u00fcres, \u00e9n maradtam. Kell m\u00e9g p\u00e1r perc, felkelek megsz\u00e9d\u00fclve. Ez ut\u00e1n nincs k\u00f6vetkez\u0151, ezt nincs hova fokozni. Lassulok, t\u00f6lt\u00f6k valami szel\u00eddebbet \u00e9s elkortyolgatom az \u00e9jjeli cs\u00f6ndben. A zene m\u00e9g sok\u00e1ig velem marad. Ap\u00e1m is velem marad.<\/p>\n\n\n\n<p>T\u00f6lgyesi Norbert<\/p>\n","protected":false},"excerpt":{"rendered":"<p>A vil\u00e1g legjobb lemeze! &#8211; vetette oda ap\u00e1m \u00e9s a kezembe adott egy kazett\u00e1t, majd&#8230;<\/p>\n","protected":false},"author":1,"featured_media":1053,"comment_status":"open","ping_status":"open","sticky":false,"template":"","format":"standard","meta":{"footnotes":""},"categories":[9,197,2,159],"tags":[60,16,36,23,24,44],"class_list":["post-486","post","type-post","status-publish","format-standard","has-post-thumbnail","hentry","category-kedvenceink","category-mindent-apamrol","category-tolgyesi-norbert","category-zenegep","tag-glenfarclas","tag-tasting","tag-tolgyesi-norbi","tag-whisky","tag-whisky-kostolo","tag-zene"],"_links":{"self":[{"href":"https:\/\/dramazin.hu\/index.php?rest_route=\/wp\/v2\/posts\/486","targetHints":{"allow":["GET"]}}],"collection":[{"href":"https:\/\/dramazin.hu\/index.php?rest_route=\/wp\/v2\/posts"}],"about":[{"href":"https:\/\/dramazin.hu\/index.php?rest_route=\/wp\/v2\/types\/post"}],"author":[{"embeddable":true,"href":"https:\/\/dramazin.hu\/index.php?rest_route=\/wp\/v2\/users\/1"}],"replies":[{"embeddable":true,"href":"https:\/\/dramazin.hu\/index.php?rest_route=%2Fwp%2Fv2%2Fcomments&post=486"}],"version-history":[{"count":8,"href":"https:\/\/dramazin.hu\/index.php?rest_route=\/wp\/v2\/posts\/486\/revisions"}],"predecessor-version":[{"id":686,"href":"https:\/\/dramazin.hu\/index.php?rest_route=\/wp\/v2\/posts\/486\/revisions\/686"}],"wp:featuredmedia":[{"embeddable":true,"href":"https:\/\/dramazin.hu\/index.php?rest_route=\/wp\/v2\/media\/1053"}],"wp:attachment":[{"href":"https:\/\/dramazin.hu\/index.php?rest_route=%2Fwp%2Fv2%2Fmedia&parent=486"}],"wp:term":[{"taxonomy":"category","embeddable":true,"href":"https:\/\/dramazin.hu\/index.php?rest_route=%2Fwp%2Fv2%2Fcategories&post=486"},{"taxonomy":"post_tag","embeddable":true,"href":"https:\/\/dramazin.hu\/index.php?rest_route=%2Fwp%2Fv2%2Ftags&post=486"}],"curies":[{"name":"wp","href":"https:\/\/api.w.org\/{rel}","templated":true}]}}